{"id":3487,"date":"2026-04-15T13:07:39","date_gmt":"2026-04-15T11:07:39","guid":{"rendered":"https:\/\/changementsocialbenin.org\/?p=3487"},"modified":"2026-04-15T15:22:30","modified_gmt":"2026-04-15T13:22:30","slug":"approche-integree-epu-et-organes-de-traites-2e-edition","status":"publish","type":"post","link":"https:\/\/changementsocialbenin.org\/index.php\/2026\/04\/15\/approche-integree-epu-et-organes-de-traites-2e-edition\/","title":{"rendered":"Approche Int\u00e9gr\u00e9e EPU et Organes de trait\u00e9s 2e Edition"},"content":{"rendered":"<a href=\"https:\/\/changementsocialbenin.org\/wp-content\/uploads\/2026\/04\/Approche-Integree-EPU-et-Organes-de-traites-2e-Edition.pdf\" class=\"pdfemb-viewer\" style=\"\" data-width=\"max\" data-height=\"max\" data-toolbar=\"bottom\" data-toolbar-fixed=\"off\">Approche-Integree-EPU-et-Organes-de-traites-2e-Edition<\/a>\n<div style=\"text-align:center; margin-top:20px;\">\n  <a href=\"https:\/\/changementsocialbenin.org\/wp-content\/uploads\/2026\/04\/Approche-Integree-EPU-et-Organes-de-traites-2e-Edition.pdf\" download\n  style=\"display:inline-block;padding:12px 20px;background:#0073aa;color:white;font-weight:bold;border-radius:6px;\"><br \/>\n    \ud83d\udce5 T\u00e9l\u00e9charger ce document<br \/>\n  <\/a>\n<\/div>\n","protected":false},"excerpt":{"rendered":"<p>\ud83d\udce5 T\u00e9l\u00e9charger ce document<\/p>\n","protected":false},"author":2,"featured_media":3491,"comment_status":"open","ping_status":"open","sticky":false,"template":"","format":"standard","meta":{"footnotes":""},"categories":[49],"tags":[],"class_list":["post-3487","post","type-post","status-publish","format-standard","has-post-thumbnail","hentry","category-redevabilite-basee-sur-les-droits-humains-publication"],"yoast_head":"<!-- This site is optimized with the Yoast SEO Premium plugin v22.8 (Yoast SEO v24.8.1) - https:\/\/yoast.com\/wordpress\/plugins\/seo\/ -->\n<title>Approche Int\u00e9gr\u00e9e EPU et Organes de trait\u00e9s 2e Edition - Changement social Benin<\/title>\n<meta name=\"robots\" content=\"index, follow, max-snippet:-1, max-image-preview:large, max-video-preview:-1\" \/>\n<link rel=\"canonical\" href=\"https:\/\/changementsocialbenin.org\/index.php\/2026\/04\/15\/approche-integree-epu-et-organes-de-traites-2e-edition\/\" \/>\n<meta property=\"og:locale\" content=\"fr_FR\" \/>\n<meta property=\"og:type\" content=\"article\" \/>\n<meta property=\"og:title\" content=\"Approche Int\u00e9gr\u00e9e EPU et Organes de trait\u00e9s 2e Edition\" \/>\n<meta property=\"og:description\" content=\"\ud83d\udce5 T\u00e9l\u00e9charger ce document\" \/>\n<meta property=\"og:url\" content=\"https:\/\/changementsocialbenin.org\/index.php\/2026\/04\/15\/approche-integree-epu-et-organes-de-traites-2e-edition\/\" \/>\n<meta property=\"og:site_name\" content=\"Changement social Benin\" \/>\n<meta property=\"article:published_time\" content=\"2026-04-15T11:07:39+00:00\" \/>\n<meta property=\"article:modified_time\" content=\"2026-04-15T13:22:30+00:00\" \/>\n<meta property=\"og:image\" content=\"https:\/\/changementsocialbenin.org\/wp-content\/uploads\/2026\/04\/csb.jpeg\" \/>\n\t<meta property=\"og:image:width\" content=\"1124\" \/>\n\t<meta property=\"og:image:height\" content=\"1533\" \/>\n\t<meta property=\"og:image:type\" content=\"image\/jpeg\" \/>\n<meta name=\"author\" content=\"csbbenin\" \/>\n<meta name=\"twitter:card\" content=\"summary_large_image\" \/>\n<meta name=\"twitter:label1\" content=\"\u00c9crit par\" \/>\n\t<meta name=\"twitter:data1\" content=\"csbbenin\" \/>\n\t<meta name=\"twitter:label2\" content=\"Dur\u00e9e de lecture estim\u00e9e\" \/>\n\t<meta name=\"twitter:data2\" content=\"1 minute\" \/>\n<script type=\"application\/ld+json\" class=\"yoast-schema-graph\">{\"@context\":\"https:\/\/schema.org\",\"@graph\":[{\"@type\":\"WebPage\",\"@id\":\"https:\/\/changementsocialbenin.org\/index.php\/2026\/04\/15\/approche-integree-epu-et-organes-de-traites-2e-edition\/\",\"url\":\"https:\/\/changementsocialbenin.org\/index.php\/2026\/04\/15\/approche-integree-epu-et-organes-de-traites-2e-edition\/\",\"name\":\"Approche Int\u00e9gr\u00e9e EPU et Organes de trait\u00e9s 2e Edition - Changement social Benin\",\"isPartOf\":{\"@id\":\"https:\/\/changementsocialbenin.org\/#website\"},\"primaryImageOfPage\":{\"@id\":\"https:\/\/changementsocialbenin.org\/index.php\/2026\/04\/15\/approche-integree-epu-et-organes-de-traites-2e-edition\/#primaryimage\"},\"image\":{\"@id\":\"https:\/\/changementsocialbenin.org\/index.php\/2026\/04\/15\/approche-integree-epu-et-organes-de-traites-2e-edition\/#primaryimage\"},\"thumbnailUrl\":\"https:\/\/changementsocialbenin.org\/wp-content\/uploads\/2026\/04\/csb.jpeg\",\"datePublished\":\"2026-04-15T11:07:39+00:00\",\"dateModified\":\"2026-04-15T13:22:30+00:00\",\"author\":{\"@id\":\"https:\/\/changementsocialbenin.org\/#\/schema\/person\/81469f6c42a3320e2a71eae0e43294de\"},\"breadcrumb\":{\"@id\":\"https:\/\/changementsocialbenin.org\/index.php\/2026\/04\/15\/approche-integree-epu-et-organes-de-traites-2e-edition\/#breadcrumb\"},\"inLanguage\":\"fr-FR\",\"potentialAction\":[{\"@type\":\"ReadAction\",\"target\":[\"https:\/\/changementsocialbenin.org\/index.php\/2026\/04\/15\/approche-integree-epu-et-organes-de-traites-2e-edition\/\"]}]},{\"@type\":\"ImageObject\",\"inLanguage\":\"fr-FR\",\"@id\":\"https:\/\/changementsocialbenin.org\/index.php\/2026\/04\/15\/approche-integree-epu-et-organes-de-traites-2e-edition\/#primaryimage\",\"url\":\"https:\/\/changementsocialbenin.org\/wp-content\/uploads\/2026\/04\/csb.jpeg\",\"contentUrl\":\"https:\/\/changementsocialbenin.org\/wp-content\/uploads\/2026\/04\/csb.jpeg\",\"width\":1124,\"height\":1533},{\"@type\":\"BreadcrumbList\",\"@id\":\"https:\/\/changementsocialbenin.org\/index.php\/2026\/04\/15\/approche-integree-epu-et-organes-de-traites-2e-edition\/#breadcrumb\",\"itemListElement\":[{\"@type\":\"ListItem\",\"position\":1,\"name\":\"Accueil\",\"item\":\"https:\/\/changementsocialbenin.org\/\"},{\"@type\":\"ListItem\",\"position\":2,\"name\":\"Approche Int\u00e9gr\u00e9e EPU et Organes de trait\u00e9s 2e Edition\"}]},{\"@type\":\"WebSite\",\"@id\":\"https:\/\/changementsocialbenin.org\/#website\",\"url\":\"https:\/\/changementsocialbenin.org\/\",\"name\":\"Changement social Benin\",\"description\":\"\",\"potentialAction\":[{\"@type\":\"SearchAction\",\"target\":{\"@type\":\"EntryPoint\",\"urlTemplate\":\"https:\/\/changementsocialbenin.org\/?s={search_term_string}\"},\"query-input\":{\"@type\":\"PropertyValueSpecification\",\"valueRequired\":true,\"valueName\":\"search_term_string\"}}],\"inLanguage\":\"fr-FR\"},{\"@type\":\"Person\",\"@id\":\"https:\/\/changementsocialbenin.org\/#\/schema\/person\/81469f6c42a3320e2a71eae0e43294de\",\"name\":\"csbbenin\",\"url\":\"https:\/\/changementsocialbenin.org\/index.php\/author\/csbbenin\/\"}]}<\/script>\n<!-- \/ Yoast SEO Premium plugin. -->","yoast_head_json":{"title":"Approche Int\u00e9gr\u00e9e EPU et Organes de trait\u00e9s 2e Edition - Changement social Benin","robots":{"index":"index","follow":"follow","max-snippet":"max-snippet:-1","max-image-preview":"max-image-preview:large","max-video-preview":"max-video-preview:-1"},"canonical":"https:\/\/changementsocialbenin.org\/index.php\/2026\/04\/15\/approche-integree-epu-et-organes-de-traites-2e-edition\/","og_locale":"fr_FR","og_type":"article","og_title":"Approche Int\u00e9gr\u00e9e EPU et Organes de trait\u00e9s 2e Edition","og_description":"\ud83d\udce5 T\u00e9l\u00e9charger ce document","og_url":"https:\/\/changementsocialbenin.org\/index.php\/2026\/04\/15\/approche-integree-epu-et-organes-de-traites-2e-edition\/","og_site_name":"Changement social Benin","article_published_time":"2026-04-15T11:07:39+00:00","article_modified_time":"2026-04-15T13:22:30+00:00","og_image":[{"width":1124,"height":1533,"url":"https:\/\/changementsocialbenin.org\/wp-content\/uploads\/2026\/04\/csb.jpeg","type":"image\/jpeg"}],"author":"csbbenin","twitter_card":"summary_large_image","twitter_misc":{"\u00c9crit par":"csbbenin","Dur\u00e9e de lecture estim\u00e9e":"1 minute"},"schema":{"@context":"https:\/\/schema.org","@graph":[{"@type":"WebPage","@id":"https:\/\/changementsocialbenin.org\/index.php\/2026\/04\/15\/approche-integree-epu-et-organes-de-traites-2e-edition\/","url":"https:\/\/changementsocialbenin.org\/index.php\/2026\/04\/15\/approche-integree-epu-et-organes-de-traites-2e-edition\/","name":"Approche Int\u00e9gr\u00e9e EPU et Organes de trait\u00e9s 2e Edition - Changement social Benin","isPartOf":{"@id":"https:\/\/changementsocialbenin.org\/#website"},"primaryImageOfPage":{"@id":"https:\/\/changementsocialbenin.org\/index.php\/2026\/04\/15\/approche-integree-epu-et-organes-de-traites-2e-edition\/#primaryimage"},"image":{"@id":"https:\/\/changementsocialbenin.org\/index.php\/2026\/04\/15\/approche-integree-epu-et-organes-de-traites-2e-edition\/#primaryimage"},"thumbnailUrl":"https:\/\/changementsocialbenin.org\/wp-content\/uploads\/2026\/04\/csb.jpeg","datePublished":"2026-04-15T11:07:39+00:00","dateModified":"2026-04-15T13:22:30+00:00","author":{"@id":"https:\/\/changementsocialbenin.org\/#\/schema\/person\/81469f6c42a3320e2a71eae0e43294de"},"breadcrumb":{"@id":"https:\/\/changementsocialbenin.org\/index.php\/2026\/04\/15\/approche-integree-epu-et-organes-de-traites-2e-edition\/#breadcrumb"},"inLanguage":"fr-FR","potentialAction":[{"@type":"ReadAction","target":["https:\/\/changementsocialbenin.org\/index.php\/2026\/04\/15\/approche-integree-epu-et-organes-de-traites-2e-edition\/"]}]},{"@type":"ImageObject","inLanguage":"fr-FR","@id":"https:\/\/changementsocialbenin.org\/index.php\/2026\/04\/15\/approche-integree-epu-et-organes-de-traites-2e-edition\/#primaryimage","url":"https:\/\/changementsocialbenin.org\/wp-content\/uploads\/2026\/04\/csb.jpeg","contentUrl":"https:\/\/changementsocialbenin.org\/wp-content\/uploads\/2026\/04\/csb.jpeg","width":1124,"height":1533},{"@type":"BreadcrumbList","@id":"https:\/\/changementsocialbenin.org\/index.php\/2026\/04\/15\/approche-integree-epu-et-organes-de-traites-2e-edition\/#breadcrumb","itemListElement":[{"@type":"ListItem","position":1,"name":"Accueil","item":"https:\/\/changementsocialbenin.org\/"},{"@type":"ListItem","position":2,"name":"Approche Int\u00e9gr\u00e9e EPU et Organes de trait\u00e9s 2e Edition"}]},{"@type":"WebSite","@id":"https:\/\/changementsocialbenin.org\/#website","url":"https:\/\/changementsocialbenin.org\/","name":"Changement social Benin","description":"","potentialAction":[{"@type":"SearchAction","target":{"@type":"EntryPoint","urlTemplate":"https:\/\/changementsocialbenin.org\/?s={search_term_string}"},"query-input":{"@type":"PropertyValueSpecification","valueRequired":true,"valueName":"search_term_string"}}],"inLanguage":"fr-FR"},{"@type":"Person","@id":"https:\/\/changementsocialbenin.org\/#\/schema\/person\/81469f6c42a3320e2a71eae0e43294de","name":"csbbenin","url":"https:\/\/changementsocialbenin.org\/index.php\/author\/csbbenin\/"}]}},"post_mailing_queue_ids":[],"_links":{"self":[{"href":"https:\/\/changementsocialbenin.org\/index.php\/wp-json\/wp\/v2\/posts\/3487","targetHints":{"allow":["GET"]}}],"collection":[{"href":"https:\/\/changementsocialbenin.org\/index.php\/wp-json\/wp\/v2\/posts"}],"about":[{"href":"https:\/\/changementsocialbenin.org\/index.php\/wp-json\/wp\/v2\/types\/post"}],"author":[{"embeddable":true,"href":"https:\/\/changementsocialbenin.org\/index.php\/wp-json\/wp\/v2\/users\/2"}],"replies":[{"embeddable":true,"href":"https:\/\/changementsocialbenin.org\/index.php\/wp-json\/wp\/v2\/comments?post=3487"}],"version-history":[{"count":8,"href":"https:\/\/changementsocialbenin.org\/index.php\/wp-json\/wp\/v2\/posts\/3487\/revisions"}],"predecessor-version":[{"id":3498,"href":"https:\/\/changementsocialbenin.org\/index.php\/wp-json\/wp\/v2\/posts\/3487\/revisions\/3498"}],"wp:featuredmedia":[{"embeddable":true,"href":"https:\/\/changementsocialbenin.org\/index.php\/wp-json\/wp\/v2\/media\/3491"}],"wp:attachment":[{"href":"https:\/\/changementsocialbenin.org\/index.php\/wp-json\/wp\/v2\/media?parent=3487"}],"wp:term":[{"taxonomy":"category","embeddable":true,"href":"https:\/\/changementsocialbenin.org\/index.php\/wp-json\/wp\/v2\/categories?post=3487"},{"taxonomy":"post_tag","embeddable":true,"href":"https:\/\/changementsocialbenin.org\/index.php\/wp-json\/wp\/v2\/tags?post=3487"}],"curies":[{"name":"wp","href":"https:\/\/api.w.org\/{rel}","templated":true}]}}