{"id":3043,"date":"2024-05-03T13:37:51","date_gmt":"2024-05-03T11:37:51","guid":{"rendered":"https:\/\/changementsocialbenin.org\/?p=3043"},"modified":"2024-05-03T13:37:51","modified_gmt":"2024-05-03T11:37:51","slug":"dialogue-citoyen-face-au-peuple-a-abomey-calavi","status":"publish","type":"post","link":"https:\/\/changementsocialbenin.org\/index.php\/2024\/05\/03\/dialogue-citoyen-face-au-peuple-a-abomey-calavi\/","title":{"rendered":"Dialogue citoyen \u00a0\u00bb FACE AU PEUPLE \u00a0\u00bb \u00e0 Abomey-Calavi"},"content":{"rendered":"<p>Le samedi 27 avril 2024, s&rsquo;est tenue \u00e0 l&rsquo;h\u00f4tel Tibi Libi d&rsquo;Abomey-Calavi, une activit\u00e9 de dialogue citoyen d\u00e9nomm\u00e9e \u00a0\u00bb L&rsquo;\u00c9LU FACE AU PEUPLE \u00a0\u00bb organis\u00e9e par Changement Social B\u00e9nin en partenariat avec la Fondation Konrad Adenauer.<\/p>\n<p>Cette activit\u00e9 a r\u00e9uni des repr\u00e9sentants d&rsquo;autorit\u00e9s politico-administratives de la commune d&rsquo;Abomey-Calavi et de la Pr\u00e9fecture de l&rsquo;Atlantique ainsi que la population, des jeunes, des leaders religieux, \u00e9tudiants et Organisations de la Soci\u00e9t\u00e9 Civile.<\/p>\n<p>Elle a permis aux participants de comprendre le r\u00f4le et les missions du Maire et de la Secr\u00e9taire Ex\u00e9cutive de la commune d&rsquo;Abomey-Calavi et de poser des pr\u00e9occupations r\u00e9elles v\u00e9cues par les citoyens dans ladite commune.<\/p>\n<p>Cette initiative qui s&rsquo;inscrit dans le cadre d&rsquo;une redevabilit\u00e9 politique \u00e0 la base en est \u00e0 sa deuxi\u00e8me \u00e9dition apr\u00e8s l&rsquo;\u00e9tape de Parakou l&rsquo;ann\u00e9e derni\u00e8re.<\/p>\n<p><img fetchpriority=\"high\" decoding=\"async\" class=\"alignnone size-medium wp-image-3044\" src=\"https:\/\/changementsocialbenin.org\/wp-content\/uploads\/2024\/05\/WhatsApp-Image-2024-05-03-at-09.47.30-300x225.jpeg\" alt=\"\" width=\"300\" height=\"225\" srcset=\"https:\/\/changementsocialbenin.org\/wp-content\/uploads\/2024\/05\/WhatsApp-Image-2024-05-03-at-09.47.30-300x225.jpeg 300w, https:\/\/changementsocialbenin.org\/wp-content\/uploads\/2024\/05\/WhatsApp-Image-2024-05-03-at-09.47.30-768x576.jpeg 768w, https:\/\/changementsocialbenin.org\/wp-content\/uploads\/2024\/05\/WhatsApp-Image-2024-05-03-at-09.47.30-200x150.jpeg 200w, https:\/\/changementsocialbenin.org\/wp-content\/uploads\/2024\/05\/WhatsApp-Image-2024-05-03-at-09.47.30.jpeg 1000w\" sizes=\"(max-width: 300px) 100vw, 300px\" \/> <img decoding=\"async\" class=\"alignnone size-medium wp-image-3045\" src=\"https:\/\/changementsocialbenin.org\/wp-content\/uploads\/2024\/05\/WhatsApp-Image-2024-05-03-at-09.46.47-300x225.jpeg\" alt=\"\" width=\"300\" height=\"225\" srcset=\"https:\/\/changementsocialbenin.org\/wp-content\/uploads\/2024\/05\/WhatsApp-Image-2024-05-03-at-09.46.47-300x225.jpeg 300w, https:\/\/changementsocialbenin.org\/wp-content\/uploads\/2024\/05\/WhatsApp-Image-2024-05-03-at-09.46.47-1024x768.jpeg 1024w, https:\/\/changementsocialbenin.org\/wp-content\/uploads\/2024\/05\/WhatsApp-Image-2024-05-03-at-09.46.47-768x576.jpeg 768w, https:\/\/changementsocialbenin.org\/wp-content\/uploads\/2024\/05\/WhatsApp-Image-2024-05-03-at-09.46.47-200x150.jpeg 200w, https:\/\/changementsocialbenin.org\/wp-content\/uploads\/2024\/05\/WhatsApp-Image-2024-05-03-at-09.46.47.jpeg 1080w\" sizes=\"(max-width: 300px) 100vw, 300px\" \/> <img decoding=\"async\" class=\"alignnone size-medium wp-image-3046\" src=\"https:\/\/changementsocialbenin.org\/wp-content\/uploads\/2024\/05\/WhatsApp-Image-2024-05-03-at-09.45.54-300x225.jpeg\" alt=\"\" width=\"300\" height=\"225\" srcset=\"https:\/\/changementsocialbenin.org\/wp-content\/uploads\/2024\/05\/WhatsApp-Image-2024-05-03-at-09.45.54-300x225.jpeg 300w, https:\/\/changementsocialbenin.org\/wp-content\/uploads\/2024\/05\/WhatsApp-Image-2024-05-03-at-09.45.54-1024x768.jpeg 1024w, https:\/\/changementsocialbenin.org\/wp-content\/uploads\/2024\/05\/WhatsApp-Image-2024-05-03-at-09.45.54-768x576.jpeg 768w, https:\/\/changementsocialbenin.org\/wp-content\/uploads\/2024\/05\/WhatsApp-Image-2024-05-03-at-09.45.54-200x150.jpeg 200w, https:\/\/changementsocialbenin.org\/wp-content\/uploads\/2024\/05\/WhatsApp-Image-2024-05-03-at-09.45.54.jpeg 1080w\" sizes=\"(max-width: 300px) 100vw, 300px\" \/> <img loading=\"lazy\" decoding=\"async\" class=\"alignnone size-medium wp-image-3048\" src=\"https:\/\/changementsocialbenin.org\/wp-content\/uploads\/2024\/05\/WhatsApp-Image-2024-05-03-at-10.11.56-300x183.jpeg\" alt=\"\" width=\"300\" height=\"183\" srcset=\"https:\/\/changementsocialbenin.org\/wp-content\/uploads\/2024\/05\/WhatsApp-Image-2024-05-03-at-10.11.56-300x183.jpeg 300w, https:\/\/changementsocialbenin.org\/wp-content\/uploads\/2024\/05\/WhatsApp-Image-2024-05-03-at-10.11.56-768x469.jpeg 768w, https:\/\/changementsocialbenin.org\/wp-content\/uploads\/2024\/05\/WhatsApp-Image-2024-05-03-at-10.11.56.jpeg 770w\" sizes=\"(max-width: 300px) 100vw, 300px\" \/><\/p>\n","protected":false},"excerpt":{"rendered":"<p>Le samedi 27 avril 2024, s&rsquo;est tenue \u00e0 l&rsquo;h\u00f4tel Tibi Libi d&rsquo;Abomey-Calavi, une activit\u00e9 de dialogue citoyen d\u00e9nomm\u00e9e \u00a0\u00bb L&rsquo;\u00c9LU FACE AU PEUPLE \u00a0\u00bb organis\u00e9e par Changement Social B\u00e9nin en partenariat avec la Fondation Konrad Adenauer. Cette activit\u00e9 a r\u00e9uni des repr\u00e9sentants d&rsquo;autorit\u00e9s politico-administratives de la commune d&rsquo;Abomey-Calavi et de la Pr\u00e9fecture de l&rsquo;Atlantique ainsi que la population, des jeunes, des leaders religieux, \u00e9tudiants et Organisations de la Soci\u00e9t\u00e9 Civile. Elle a permis aux participants de comprendre le r\u00f4le et les missions du Maire et de la Secr\u00e9taire Ex\u00e9cutive de la commune d&rsquo;Abomey-Calavi et de poser des pr\u00e9occupations r\u00e9elles v\u00e9cues par les citoyens dans ladite commune. Cette initiative qui s&rsquo;inscrit dans le cadre d&rsquo;une redevabilit\u00e9 politique \u00e0 la base en est \u00e0 sa deuxi\u00e8me \u00e9dition apr\u00e8s l&rsquo;\u00e9tape de Parakou l&rsquo;ann\u00e9e derni\u00e8re.<\/p>\n","protected":false},"author":2,"featured_media":3048,"comment_status":"open","ping_status":"open","sticky":false,"template":"","format":"standard","meta":{"footnotes":""},"categories":[8,24],"tags":[],"class_list":["post-3043","post","type-post","status-publish","format-standard","has-post-thumbnail","hentry","category-actualites","category-redevabilite-basee-sur-les-droits-humains"],"yoast_head":"<!-- This site is optimized with the Yoast SEO Premium plugin v22.8 (Yoast SEO v24.8.1) - https:\/\/yoast.com\/wordpress\/plugins\/seo\/ -->\n<title>Dialogue citoyen &quot; FACE AU PEUPLE &quot; \u00e0 Abomey-Calavi - Changement social Benin<\/title>\n<meta name=\"robots\" content=\"index, follow, max-snippet:-1, max-image-preview:large, max-video-preview:-1\" \/>\n<link rel=\"canonical\" href=\"https:\/\/changementsocialbenin.org\/index.php\/2024\/05\/03\/dialogue-citoyen-face-au-peuple-a-abomey-calavi\/\" \/>\n<meta property=\"og:locale\" content=\"fr_FR\" \/>\n<meta property=\"og:type\" content=\"article\" \/>\n<meta property=\"og:title\" content=\"Dialogue citoyen &quot; FACE AU PEUPLE &quot; \u00e0 Abomey-Calavi\" \/>\n<meta property=\"og:description\" content=\"Le samedi 27 avril 2024, s&rsquo;est tenue \u00e0 l&rsquo;h\u00f4tel Tibi Libi d&rsquo;Abomey-Calavi, une activit\u00e9 de dialogue citoyen d\u00e9nomm\u00e9e \u00a0\u00bb L&rsquo;\u00c9LU FACE AU PEUPLE \u00a0\u00bb organis\u00e9e par Changement Social B\u00e9nin en partenariat avec la Fondation Konrad Adenauer. Cette activit\u00e9 a r\u00e9uni des repr\u00e9sentants d&rsquo;autorit\u00e9s politico-administratives de la commune d&rsquo;Abomey-Calavi et de la Pr\u00e9fecture de l&rsquo;Atlantique ainsi que la population, des jeunes, des leaders religieux, \u00e9tudiants et Organisations de la Soci\u00e9t\u00e9 Civile. Elle a permis aux participants de comprendre le r\u00f4le et les missions du Maire et de la Secr\u00e9taire Ex\u00e9cutive de la commune d&rsquo;Abomey-Calavi et de poser des pr\u00e9occupations r\u00e9elles v\u00e9cues par les citoyens dans ladite commune. Cette initiative qui s&rsquo;inscrit dans le cadre d&rsquo;une redevabilit\u00e9 politique \u00e0 la base en est \u00e0 sa deuxi\u00e8me \u00e9dition apr\u00e8s l&rsquo;\u00e9tape de Parakou l&rsquo;ann\u00e9e derni\u00e8re.\" \/>\n<meta property=\"og:url\" content=\"https:\/\/changementsocialbenin.org\/index.php\/2024\/05\/03\/dialogue-citoyen-face-au-peuple-a-abomey-calavi\/\" \/>\n<meta property=\"og:site_name\" content=\"Changement social Benin\" \/>\n<meta property=\"article:published_time\" content=\"2024-05-03T11:37:51+00:00\" \/>\n<meta property=\"og:image\" content=\"https:\/\/changementsocialbenin.org\/wp-content\/uploads\/2024\/05\/WhatsApp-Image-2024-05-03-at-10.11.56.jpeg\" \/>\n\t<meta property=\"og:image:width\" content=\"770\" \/>\n\t<meta property=\"og:image:height\" content=\"470\" \/>\n\t<meta property=\"og:image:type\" content=\"image\/jpeg\" \/>\n<meta name=\"author\" content=\"csbbenin\" \/>\n<meta name=\"twitter:card\" content=\"summary_large_image\" \/>\n<meta name=\"twitter:label1\" content=\"\u00c9crit par\" \/>\n\t<meta name=\"twitter:data1\" content=\"csbbenin\" \/>\n\t<meta name=\"twitter:label2\" content=\"Dur\u00e9e de lecture estim\u00e9e\" \/>\n\t<meta name=\"twitter:data2\" content=\"1 minute\" \/>\n<script type=\"application\/ld+json\" class=\"yoast-schema-graph\">{\"@context\":\"https:\/\/schema.org\",\"@graph\":[{\"@type\":\"WebPage\",\"@id\":\"https:\/\/changementsocialbenin.org\/index.php\/2024\/05\/03\/dialogue-citoyen-face-au-peuple-a-abomey-calavi\/\",\"url\":\"https:\/\/changementsocialbenin.org\/index.php\/2024\/05\/03\/dialogue-citoyen-face-au-peuple-a-abomey-calavi\/\",\"name\":\"Dialogue citoyen \\\" FACE AU PEUPLE \\\" \u00e0 Abomey-Calavi - Changement social Benin\",\"isPartOf\":{\"@id\":\"https:\/\/changementsocialbenin.org\/#website\"},\"primaryImageOfPage\":{\"@id\":\"https:\/\/changementsocialbenin.org\/index.php\/2024\/05\/03\/dialogue-citoyen-face-au-peuple-a-abomey-calavi\/#primaryimage\"},\"image\":{\"@id\":\"https:\/\/changementsocialbenin.org\/index.php\/2024\/05\/03\/dialogue-citoyen-face-au-peuple-a-abomey-calavi\/#primaryimage\"},\"thumbnailUrl\":\"https:\/\/changementsocialbenin.org\/wp-content\/uploads\/2024\/05\/WhatsApp-Image-2024-05-03-at-10.11.56.jpeg\",\"datePublished\":\"2024-05-03T11:37:51+00:00\",\"author\":{\"@id\":\"https:\/\/changementsocialbenin.org\/#\/schema\/person\/81469f6c42a3320e2a71eae0e43294de\"},\"breadcrumb\":{\"@id\":\"https:\/\/changementsocialbenin.org\/index.php\/2024\/05\/03\/dialogue-citoyen-face-au-peuple-a-abomey-calavi\/#breadcrumb\"},\"inLanguage\":\"fr-FR\",\"potentialAction\":[{\"@type\":\"ReadAction\",\"target\":[\"https:\/\/changementsocialbenin.org\/index.php\/2024\/05\/03\/dialogue-citoyen-face-au-peuple-a-abomey-calavi\/\"]}]},{\"@type\":\"ImageObject\",\"inLanguage\":\"fr-FR\",\"@id\":\"https:\/\/changementsocialbenin.org\/index.php\/2024\/05\/03\/dialogue-citoyen-face-au-peuple-a-abomey-calavi\/#primaryimage\",\"url\":\"https:\/\/changementsocialbenin.org\/wp-content\/uploads\/2024\/05\/WhatsApp-Image-2024-05-03-at-10.11.56.jpeg\",\"contentUrl\":\"https:\/\/changementsocialbenin.org\/wp-content\/uploads\/2024\/05\/WhatsApp-Image-2024-05-03-at-10.11.56.jpeg\",\"width\":770,\"height\":470},{\"@type\":\"BreadcrumbList\",\"@id\":\"https:\/\/changementsocialbenin.org\/index.php\/2024\/05\/03\/dialogue-citoyen-face-au-peuple-a-abomey-calavi\/#breadcrumb\",\"itemListElement\":[{\"@type\":\"ListItem\",\"position\":1,\"name\":\"Accueil\",\"item\":\"https:\/\/changementsocialbenin.org\/\"},{\"@type\":\"ListItem\",\"position\":2,\"name\":\"Dialogue citoyen \u00a0\u00bb FACE AU PEUPLE \u00a0\u00bb \u00e0 Abomey-Calavi\"}]},{\"@type\":\"WebSite\",\"@id\":\"https:\/\/changementsocialbenin.org\/#website\",\"url\":\"https:\/\/changementsocialbenin.org\/\",\"name\":\"Changement social Benin\",\"description\":\"\",\"potentialAction\":[{\"@type\":\"SearchAction\",\"target\":{\"@type\":\"EntryPoint\",\"urlTemplate\":\"https:\/\/changementsocialbenin.org\/?s={search_term_string}\"},\"query-input\":{\"@type\":\"PropertyValueSpecification\",\"valueRequired\":true,\"valueName\":\"search_term_string\"}}],\"inLanguage\":\"fr-FR\"},{\"@type\":\"Person\",\"@id\":\"https:\/\/changementsocialbenin.org\/#\/schema\/person\/81469f6c42a3320e2a71eae0e43294de\",\"name\":\"csbbenin\",\"url\":\"https:\/\/changementsocialbenin.org\/index.php\/author\/csbbenin\/\"}]}<\/script>\n<!-- \/ Yoast SEO Premium plugin. -->","yoast_head_json":{"title":"Dialogue citoyen \" FACE AU PEUPLE \" \u00e0 Abomey-Calavi - Changement social Benin","robots":{"index":"index","follow":"follow","max-snippet":"max-snippet:-1","max-image-preview":"max-image-preview:large","max-video-preview":"max-video-preview:-1"},"canonical":"https:\/\/changementsocialbenin.org\/index.php\/2024\/05\/03\/dialogue-citoyen-face-au-peuple-a-abomey-calavi\/","og_locale":"fr_FR","og_type":"article","og_title":"Dialogue citoyen \" FACE AU PEUPLE \" \u00e0 Abomey-Calavi","og_description":"Le samedi 27 avril 2024, s&rsquo;est tenue \u00e0 l&rsquo;h\u00f4tel Tibi Libi d&rsquo;Abomey-Calavi, une activit\u00e9 de dialogue citoyen d\u00e9nomm\u00e9e \u00a0\u00bb L&rsquo;\u00c9LU FACE AU PEUPLE \u00a0\u00bb organis\u00e9e par Changement Social B\u00e9nin en partenariat avec la Fondation Konrad Adenauer. Cette activit\u00e9 a r\u00e9uni des repr\u00e9sentants d&rsquo;autorit\u00e9s politico-administratives de la commune d&rsquo;Abomey-Calavi et de la Pr\u00e9fecture de l&rsquo;Atlantique ainsi que la population, des jeunes, des leaders religieux, \u00e9tudiants et Organisations de la Soci\u00e9t\u00e9 Civile. Elle a permis aux participants de comprendre le r\u00f4le et les missions du Maire et de la Secr\u00e9taire Ex\u00e9cutive de la commune d&rsquo;Abomey-Calavi et de poser des pr\u00e9occupations r\u00e9elles v\u00e9cues par les citoyens dans ladite commune. Cette initiative qui s&rsquo;inscrit dans le cadre d&rsquo;une redevabilit\u00e9 politique \u00e0 la base en est \u00e0 sa deuxi\u00e8me \u00e9dition apr\u00e8s l&rsquo;\u00e9tape de Parakou l&rsquo;ann\u00e9e derni\u00e8re.","og_url":"https:\/\/changementsocialbenin.org\/index.php\/2024\/05\/03\/dialogue-citoyen-face-au-peuple-a-abomey-calavi\/","og_site_name":"Changement social Benin","article_published_time":"2024-05-03T11:37:51+00:00","og_image":[{"width":770,"height":470,"url":"https:\/\/changementsocialbenin.org\/wp-content\/uploads\/2024\/05\/WhatsApp-Image-2024-05-03-at-10.11.56.jpeg","type":"image\/jpeg"}],"author":"csbbenin","twitter_card":"summary_large_image","twitter_misc":{"\u00c9crit par":"csbbenin","Dur\u00e9e de lecture estim\u00e9e":"1 minute"},"schema":{"@context":"https:\/\/schema.org","@graph":[{"@type":"WebPage","@id":"https:\/\/changementsocialbenin.org\/index.php\/2024\/05\/03\/dialogue-citoyen-face-au-peuple-a-abomey-calavi\/","url":"https:\/\/changementsocialbenin.org\/index.php\/2024\/05\/03\/dialogue-citoyen-face-au-peuple-a-abomey-calavi\/","name":"Dialogue citoyen \" FACE AU PEUPLE \" \u00e0 Abomey-Calavi - Changement social Benin","isPartOf":{"@id":"https:\/\/changementsocialbenin.org\/#website"},"primaryImageOfPage":{"@id":"https:\/\/changementsocialbenin.org\/index.php\/2024\/05\/03\/dialogue-citoyen-face-au-peuple-a-abomey-calavi\/#primaryimage"},"image":{"@id":"https:\/\/changementsocialbenin.org\/index.php\/2024\/05\/03\/dialogue-citoyen-face-au-peuple-a-abomey-calavi\/#primaryimage"},"thumbnailUrl":"https:\/\/changementsocialbenin.org\/wp-content\/uploads\/2024\/05\/WhatsApp-Image-2024-05-03-at-10.11.56.jpeg","datePublished":"2024-05-03T11:37:51+00:00","author":{"@id":"https:\/\/changementsocialbenin.org\/#\/schema\/person\/81469f6c42a3320e2a71eae0e43294de"},"breadcrumb":{"@id":"https:\/\/changementsocialbenin.org\/index.php\/2024\/05\/03\/dialogue-citoyen-face-au-peuple-a-abomey-calavi\/#breadcrumb"},"inLanguage":"fr-FR","potentialAction":[{"@type":"ReadAction","target":["https:\/\/changementsocialbenin.org\/index.php\/2024\/05\/03\/dialogue-citoyen-face-au-peuple-a-abomey-calavi\/"]}]},{"@type":"ImageObject","inLanguage":"fr-FR","@id":"https:\/\/changementsocialbenin.org\/index.php\/2024\/05\/03\/dialogue-citoyen-face-au-peuple-a-abomey-calavi\/#primaryimage","url":"https:\/\/changementsocialbenin.org\/wp-content\/uploads\/2024\/05\/WhatsApp-Image-2024-05-03-at-10.11.56.jpeg","contentUrl":"https:\/\/changementsocialbenin.org\/wp-content\/uploads\/2024\/05\/WhatsApp-Image-2024-05-03-at-10.11.56.jpeg","width":770,"height":470},{"@type":"BreadcrumbList","@id":"https:\/\/changementsocialbenin.org\/index.php\/2024\/05\/03\/dialogue-citoyen-face-au-peuple-a-abomey-calavi\/#breadcrumb","itemListElement":[{"@type":"ListItem","position":1,"name":"Accueil","item":"https:\/\/changementsocialbenin.org\/"},{"@type":"ListItem","position":2,"name":"Dialogue citoyen \u00a0\u00bb FACE AU PEUPLE \u00a0\u00bb \u00e0 Abomey-Calavi"}]},{"@type":"WebSite","@id":"https:\/\/changementsocialbenin.org\/#website","url":"https:\/\/changementsocialbenin.org\/","name":"Changement social Benin","description":"","potentialAction":[{"@type":"SearchAction","target":{"@type":"EntryPoint","urlTemplate":"https:\/\/changementsocialbenin.org\/?s={search_term_string}"},"query-input":{"@type":"PropertyValueSpecification","valueRequired":true,"valueName":"search_term_string"}}],"inLanguage":"fr-FR"},{"@type":"Person","@id":"https:\/\/changementsocialbenin.org\/#\/schema\/person\/81469f6c42a3320e2a71eae0e43294de","name":"csbbenin","url":"https:\/\/changementsocialbenin.org\/index.php\/author\/csbbenin\/"}]}},"post_mailing_queue_ids":[],"_links":{"self":[{"href":"https:\/\/changementsocialbenin.org\/index.php\/wp-json\/wp\/v2\/posts\/3043","targetHints":{"allow":["GET"]}}],"collection":[{"href":"https:\/\/changementsocialbenin.org\/index.php\/wp-json\/wp\/v2\/posts"}],"about":[{"href":"https:\/\/changementsocialbenin.org\/index.php\/wp-json\/wp\/v2\/types\/post"}],"author":[{"embeddable":true,"href":"https:\/\/changementsocialbenin.org\/index.php\/wp-json\/wp\/v2\/users\/2"}],"replies":[{"embeddable":true,"href":"https:\/\/changementsocialbenin.org\/index.php\/wp-json\/wp\/v2\/comments?post=3043"}],"version-history":[{"count":1,"href":"https:\/\/changementsocialbenin.org\/index.php\/wp-json\/wp\/v2\/posts\/3043\/revisions"}],"predecessor-version":[{"id":3049,"href":"https:\/\/changementsocialbenin.org\/index.php\/wp-json\/wp\/v2\/posts\/3043\/revisions\/3049"}],"wp:featuredmedia":[{"embeddable":true,"href":"https:\/\/changementsocialbenin.org\/index.php\/wp-json\/wp\/v2\/media\/3048"}],"wp:attachment":[{"href":"https:\/\/changementsocialbenin.org\/index.php\/wp-json\/wp\/v2\/media?parent=3043"}],"wp:term":[{"taxonomy":"category","embeddable":true,"href":"https:\/\/changementsocialbenin.org\/index.php\/wp-json\/wp\/v2\/categories?post=3043"},{"taxonomy":"post_tag","embeddable":true,"href":"https:\/\/changementsocialbenin.org\/index.php\/wp-json\/wp\/v2\/tags?post=3043"}],"curies":[{"name":"wp","href":"https:\/\/api.w.org\/{rel}","templated":true}]}}