{"id":2848,"date":"2023-07-18T12:06:17","date_gmt":"2023-07-18T10:06:17","guid":{"rendered":"https:\/\/changementsocialbenin.org\/?p=2848"},"modified":"2023-07-18T12:06:17","modified_gmt":"2023-07-18T10:06:17","slug":"message-du-sg-de-lonu-a-loccasion-de-la-celebration-de-la-journee-nelson-mandela-2023","status":"publish","type":"post","link":"https:\/\/changementsocialbenin.org\/index.php\/2023\/07\/18\/message-du-sg-de-lonu-a-loccasion-de-la-celebration-de-la-journee-nelson-mandela-2023\/","title":{"rendered":"Message du SG de l&rsquo;ONU \u00e0 l&rsquo;occasion de la c\u00e9l\u00e9bration de la Journ\u00e9e Nelson Mandela 2023"},"content":{"rendered":"\n<p>Nelson Mandela \u00e9tait un colosse par le courage et la conviction.<\/p>\n\n\n\n<p>Un leader, dont les r\u00e9alisations ont \u00e9t\u00e9 immenses et l\u2019humanit\u00e9 extraordinaire.<\/p>\n\n\n\n<p>Un g\u00e9ant de notre temps, que nous honorons le mieux lorsque nous agissons :<\/p>\n\n\n\n<p>Agir, pour exprimer le poison du racisme, de la discrimination et de la haine ;<\/p>\n\n\n\n<p>Agir, pour oblit\u00e9rer les h\u00e9ritages du colonialisme ;<\/p>\n\n\n\n<p>Et agir, pour promouvoir l\u2019\u00e9galit\u00e9, les droits humains et, surtout, la justice.<\/p>\n\n\n\n<p>Aujourd\u2019hui, la pauvret\u00e9, la faim et les in\u00e9galit\u00e9s sont en hausse.<\/p>\n\n\n\n<p>Les pays croulent sous la dette.<\/p>\n\n\n\n<p>La crise climatique d\u00e9truit la vie des personnes qui ont le moins contribu\u00e9 \u00e0 la provoquer.<\/p>\n\n\n\n<p>Et notre syst\u00e8me financier international, inique et d\u00e9pass\u00e9, ne remplit pas sa fonction de filet de s\u00e9curit\u00e9 mondial.<\/p>\n\n\n\n<p>Il est en notre pouvoir de r\u00e9soudre chacun de ces probl\u00e8mes.<\/p>\n\n\n\n<p>Alors, en ce jour o\u00f9 nous c\u00e9l\u00e9brons la vie et l\u2019h\u00e9ritage de Nelson Mandela, laissons-nous guider par son esprit d\u2019humanit\u00e9, de dignit\u00e9 et de justice.<\/p>\n\n\n\n<p>Faisons bloc avec les femmes et les filles, les jeunes et les agents et agentes du changement partout dans le monde.<\/p>\n\n\n\n<p>Agissons, pour construire un monde meilleur.<\/p>\n\n\n\n<p>Je vous remercie.<\/p>\n\n\n\n<p><\/p>\n\n\n\n<p><a href=\"https:\/\/www.un.org\/fr\/events\/mandeladay\/events_2023_SG.shtml\">https:\/\/www.un.org\/fr\/events\/mandeladay\/events_2023_SG.shtml<\/a><\/p>\n","protected":false},"excerpt":{"rendered":"<p>Nelson Mandela \u00e9tait un colosse par le courage et la conviction. Un leader, dont les r\u00e9alisations ont \u00e9t\u00e9 immenses et l\u2019humanit\u00e9 extraordinaire. Un g\u00e9ant de notre temps, que nous honorons le mieux lorsque nous agissons : Agir, pour exprimer le poison du racisme, de la discrimination et de la haine ; Agir, pour oblit\u00e9rer les h\u00e9ritages du colonialisme ; Et agir, pour promouvoir l\u2019\u00e9galit\u00e9, les droits humains et, surtout, la justice. Aujourd\u2019hui, la pauvret\u00e9, la faim et les in\u00e9galit\u00e9s sont en hausse. Les pays croulent sous la dette. La crise climatique d\u00e9truit la vie des personnes qui ont le moins contribu\u00e9 \u00e0 la provoquer. Et notre syst\u00e8me financier international, inique et d\u00e9pass\u00e9, ne remplit pas sa fonction de filet de s\u00e9curit\u00e9 mondial. Il est en notre pouvoir de r\u00e9soudre chacun de ces probl\u00e8mes. Alors, en ce jour o\u00f9 nous c\u00e9l\u00e9brons la vie et l\u2019h\u00e9ritage de Nelson Mandela, laissons-nous guider par son esprit d\u2019humanit\u00e9, de dignit\u00e9 et de justice. Faisons bloc avec les femmes et les filles, les jeunes et les agents et agentes du changement partout dans le monde. Agissons, pour construire un monde meilleur. Je vous remercie. https:\/\/www.un.org\/fr\/events\/mandeladay\/events_2023_SG.shtml<\/p>\n","protected":false},"author":2,"featured_media":2837,"comment_status":"open","ping_status":"open","sticky":false,"template":"","format":"standard","meta":{"footnotes":""},"categories":[8,56],"tags":[],"class_list":["post-2848","post","type-post","status-publish","format-standard","has-post-thumbnail","hentry","category-actualites","category-justice-penale"],"yoast_head":"<!-- This site is optimized with the Yoast SEO Premium plugin v22.8 (Yoast SEO v24.8.1) - https:\/\/yoast.com\/wordpress\/plugins\/seo\/ -->\n<title>Message du SG de l&#039;ONU \u00e0 l&#039;occasion de la c\u00e9l\u00e9bration de la Journ\u00e9e Nelson Mandela 2023 - Changement social Benin<\/title>\n<meta name=\"robots\" content=\"index, follow, max-snippet:-1, max-image-preview:large, max-video-preview:-1\" \/>\n<link rel=\"canonical\" href=\"https:\/\/changementsocialbenin.org\/index.php\/2023\/07\/18\/message-du-sg-de-lonu-a-loccasion-de-la-celebration-de-la-journee-nelson-mandela-2023\/\" \/>\n<meta property=\"og:locale\" content=\"fr_FR\" \/>\n<meta property=\"og:type\" content=\"article\" \/>\n<meta property=\"og:title\" content=\"Message du SG de l&#039;ONU \u00e0 l&#039;occasion de la c\u00e9l\u00e9bration de la Journ\u00e9e Nelson Mandela 2023\" \/>\n<meta property=\"og:description\" content=\"Nelson Mandela \u00e9tait un colosse par le courage et la conviction. Un leader, dont les r\u00e9alisations ont \u00e9t\u00e9 immenses et l\u2019humanit\u00e9 extraordinaire. Un g\u00e9ant de notre temps, que nous honorons le mieux lorsque nous agissons : Agir, pour exprimer le poison du racisme, de la discrimination et de la haine ; Agir, pour oblit\u00e9rer les h\u00e9ritages du colonialisme ; Et agir, pour promouvoir l\u2019\u00e9galit\u00e9, les droits humains et, surtout, la justice. Aujourd\u2019hui, la pauvret\u00e9, la faim et les in\u00e9galit\u00e9s sont en hausse. Les pays croulent sous la dette. La crise climatique d\u00e9truit la vie des personnes qui ont le moins contribu\u00e9 \u00e0 la provoquer. Et notre syst\u00e8me financier international, inique et d\u00e9pass\u00e9, ne remplit pas sa fonction de filet de s\u00e9curit\u00e9 mondial. Il est en notre pouvoir de r\u00e9soudre chacun de ces probl\u00e8mes. Alors, en ce jour o\u00f9 nous c\u00e9l\u00e9brons la vie et l\u2019h\u00e9ritage de Nelson Mandela, laissons-nous guider par son esprit d\u2019humanit\u00e9, de dignit\u00e9 et de justice. Faisons bloc avec les femmes et les filles, les jeunes et les agents et agentes du changement partout dans le monde. Agissons, pour construire un monde meilleur. Je vous remercie. https:\/\/www.un.org\/fr\/events\/mandeladay\/events_2023_SG.shtml\" \/>\n<meta property=\"og:url\" content=\"https:\/\/changementsocialbenin.org\/index.php\/2023\/07\/18\/message-du-sg-de-lonu-a-loccasion-de-la-celebration-de-la-journee-nelson-mandela-2023\/\" \/>\n<meta property=\"og:site_name\" content=\"Changement social Benin\" \/>\n<meta property=\"article:published_time\" content=\"2023-07-18T10:06:17+00:00\" \/>\n<meta property=\"og:image\" content=\"https:\/\/changementsocialbenin.org\/wp-content\/uploads\/2023\/06\/CSB-repris.png\" \/>\n\t<meta property=\"og:image:width\" content=\"1956\" \/>\n\t<meta property=\"og:image:height\" content=\"2410\" \/>\n\t<meta property=\"og:image:type\" content=\"image\/png\" \/>\n<meta name=\"author\" content=\"csbbenin\" \/>\n<meta name=\"twitter:card\" content=\"summary_large_image\" \/>\n<meta name=\"twitter:label1\" content=\"\u00c9crit par\" \/>\n\t<meta name=\"twitter:data1\" content=\"csbbenin\" \/>\n\t<meta name=\"twitter:label2\" content=\"Dur\u00e9e de lecture estim\u00e9e\" \/>\n\t<meta name=\"twitter:data2\" content=\"1 minute\" \/>\n<script type=\"application\/ld+json\" class=\"yoast-schema-graph\">{\"@context\":\"https:\/\/schema.org\",\"@graph\":[{\"@type\":\"WebPage\",\"@id\":\"https:\/\/changementsocialbenin.org\/index.php\/2023\/07\/18\/message-du-sg-de-lonu-a-loccasion-de-la-celebration-de-la-journee-nelson-mandela-2023\/\",\"url\":\"https:\/\/changementsocialbenin.org\/index.php\/2023\/07\/18\/message-du-sg-de-lonu-a-loccasion-de-la-celebration-de-la-journee-nelson-mandela-2023\/\",\"name\":\"Message du SG de l'ONU \u00e0 l'occasion de la c\u00e9l\u00e9bration de la Journ\u00e9e Nelson Mandela 2023 - Changement social Benin\",\"isPartOf\":{\"@id\":\"https:\/\/changementsocialbenin.org\/#website\"},\"primaryImageOfPage\":{\"@id\":\"https:\/\/changementsocialbenin.org\/index.php\/2023\/07\/18\/message-du-sg-de-lonu-a-loccasion-de-la-celebration-de-la-journee-nelson-mandela-2023\/#primaryimage\"},\"image\":{\"@id\":\"https:\/\/changementsocialbenin.org\/index.php\/2023\/07\/18\/message-du-sg-de-lonu-a-loccasion-de-la-celebration-de-la-journee-nelson-mandela-2023\/#primaryimage\"},\"thumbnailUrl\":\"https:\/\/changementsocialbenin.org\/wp-content\/uploads\/2023\/06\/CSB-repris.png\",\"datePublished\":\"2023-07-18T10:06:17+00:00\",\"author\":{\"@id\":\"https:\/\/changementsocialbenin.org\/#\/schema\/person\/81469f6c42a3320e2a71eae0e43294de\"},\"breadcrumb\":{\"@id\":\"https:\/\/changementsocialbenin.org\/index.php\/2023\/07\/18\/message-du-sg-de-lonu-a-loccasion-de-la-celebration-de-la-journee-nelson-mandela-2023\/#breadcrumb\"},\"inLanguage\":\"fr-FR\",\"potentialAction\":[{\"@type\":\"ReadAction\",\"target\":[\"https:\/\/changementsocialbenin.org\/index.php\/2023\/07\/18\/message-du-sg-de-lonu-a-loccasion-de-la-celebration-de-la-journee-nelson-mandela-2023\/\"]}]},{\"@type\":\"ImageObject\",\"inLanguage\":\"fr-FR\",\"@id\":\"https:\/\/changementsocialbenin.org\/index.php\/2023\/07\/18\/message-du-sg-de-lonu-a-loccasion-de-la-celebration-de-la-journee-nelson-mandela-2023\/#primaryimage\",\"url\":\"https:\/\/changementsocialbenin.org\/wp-content\/uploads\/2023\/06\/CSB-repris.png\",\"contentUrl\":\"https:\/\/changementsocialbenin.org\/wp-content\/uploads\/2023\/06\/CSB-repris.png\",\"width\":1956,\"height\":2410},{\"@type\":\"BreadcrumbList\",\"@id\":\"https:\/\/changementsocialbenin.org\/index.php\/2023\/07\/18\/message-du-sg-de-lonu-a-loccasion-de-la-celebration-de-la-journee-nelson-mandela-2023\/#breadcrumb\",\"itemListElement\":[{\"@type\":\"ListItem\",\"position\":1,\"name\":\"Accueil\",\"item\":\"https:\/\/changementsocialbenin.org\/\"},{\"@type\":\"ListItem\",\"position\":2,\"name\":\"Message du SG de l&rsquo;ONU \u00e0 l&rsquo;occasion de la c\u00e9l\u00e9bration de la Journ\u00e9e Nelson Mandela 2023\"}]},{\"@type\":\"WebSite\",\"@id\":\"https:\/\/changementsocialbenin.org\/#website\",\"url\":\"https:\/\/changementsocialbenin.org\/\",\"name\":\"Changement social Benin\",\"description\":\"\",\"potentialAction\":[{\"@type\":\"SearchAction\",\"target\":{\"@type\":\"EntryPoint\",\"urlTemplate\":\"https:\/\/changementsocialbenin.org\/?s={search_term_string}\"},\"query-input\":{\"@type\":\"PropertyValueSpecification\",\"valueRequired\":true,\"valueName\":\"search_term_string\"}}],\"inLanguage\":\"fr-FR\"},{\"@type\":\"Person\",\"@id\":\"https:\/\/changementsocialbenin.org\/#\/schema\/person\/81469f6c42a3320e2a71eae0e43294de\",\"name\":\"csbbenin\",\"url\":\"https:\/\/changementsocialbenin.org\/index.php\/author\/csbbenin\/\"}]}<\/script>\n<!-- \/ Yoast SEO Premium plugin. -->","yoast_head_json":{"title":"Message du SG de l'ONU \u00e0 l'occasion de la c\u00e9l\u00e9bration de la Journ\u00e9e Nelson Mandela 2023 - Changement social Benin","robots":{"index":"index","follow":"follow","max-snippet":"max-snippet:-1","max-image-preview":"max-image-preview:large","max-video-preview":"max-video-preview:-1"},"canonical":"https:\/\/changementsocialbenin.org\/index.php\/2023\/07\/18\/message-du-sg-de-lonu-a-loccasion-de-la-celebration-de-la-journee-nelson-mandela-2023\/","og_locale":"fr_FR","og_type":"article","og_title":"Message du SG de l'ONU \u00e0 l'occasion de la c\u00e9l\u00e9bration de la Journ\u00e9e Nelson Mandela 2023","og_description":"Nelson Mandela \u00e9tait un colosse par le courage et la conviction. Un leader, dont les r\u00e9alisations ont \u00e9t\u00e9 immenses et l\u2019humanit\u00e9 extraordinaire. Un g\u00e9ant de notre temps, que nous honorons le mieux lorsque nous agissons : Agir, pour exprimer le poison du racisme, de la discrimination et de la haine ; Agir, pour oblit\u00e9rer les h\u00e9ritages du colonialisme ; Et agir, pour promouvoir l\u2019\u00e9galit\u00e9, les droits humains et, surtout, la justice. Aujourd\u2019hui, la pauvret\u00e9, la faim et les in\u00e9galit\u00e9s sont en hausse. Les pays croulent sous la dette. La crise climatique d\u00e9truit la vie des personnes qui ont le moins contribu\u00e9 \u00e0 la provoquer. Et notre syst\u00e8me financier international, inique et d\u00e9pass\u00e9, ne remplit pas sa fonction de filet de s\u00e9curit\u00e9 mondial. Il est en notre pouvoir de r\u00e9soudre chacun de ces probl\u00e8mes. Alors, en ce jour o\u00f9 nous c\u00e9l\u00e9brons la vie et l\u2019h\u00e9ritage de Nelson Mandela, laissons-nous guider par son esprit d\u2019humanit\u00e9, de dignit\u00e9 et de justice. Faisons bloc avec les femmes et les filles, les jeunes et les agents et agentes du changement partout dans le monde. Agissons, pour construire un monde meilleur. Je vous remercie. https:\/\/www.un.org\/fr\/events\/mandeladay\/events_2023_SG.shtml","og_url":"https:\/\/changementsocialbenin.org\/index.php\/2023\/07\/18\/message-du-sg-de-lonu-a-loccasion-de-la-celebration-de-la-journee-nelson-mandela-2023\/","og_site_name":"Changement social Benin","article_published_time":"2023-07-18T10:06:17+00:00","og_image":[{"width":1956,"height":2410,"url":"https:\/\/changementsocialbenin.org\/wp-content\/uploads\/2023\/06\/CSB-repris.png","type":"image\/png"}],"author":"csbbenin","twitter_card":"summary_large_image","twitter_misc":{"\u00c9crit par":"csbbenin","Dur\u00e9e de lecture estim\u00e9e":"1 minute"},"schema":{"@context":"https:\/\/schema.org","@graph":[{"@type":"WebPage","@id":"https:\/\/changementsocialbenin.org\/index.php\/2023\/07\/18\/message-du-sg-de-lonu-a-loccasion-de-la-celebration-de-la-journee-nelson-mandela-2023\/","url":"https:\/\/changementsocialbenin.org\/index.php\/2023\/07\/18\/message-du-sg-de-lonu-a-loccasion-de-la-celebration-de-la-journee-nelson-mandela-2023\/","name":"Message du SG de l'ONU \u00e0 l'occasion de la c\u00e9l\u00e9bration de la Journ\u00e9e Nelson Mandela 2023 - Changement social Benin","isPartOf":{"@id":"https:\/\/changementsocialbenin.org\/#website"},"primaryImageOfPage":{"@id":"https:\/\/changementsocialbenin.org\/index.php\/2023\/07\/18\/message-du-sg-de-lonu-a-loccasion-de-la-celebration-de-la-journee-nelson-mandela-2023\/#primaryimage"},"image":{"@id":"https:\/\/changementsocialbenin.org\/index.php\/2023\/07\/18\/message-du-sg-de-lonu-a-loccasion-de-la-celebration-de-la-journee-nelson-mandela-2023\/#primaryimage"},"thumbnailUrl":"https:\/\/changementsocialbenin.org\/wp-content\/uploads\/2023\/06\/CSB-repris.png","datePublished":"2023-07-18T10:06:17+00:00","author":{"@id":"https:\/\/changementsocialbenin.org\/#\/schema\/person\/81469f6c42a3320e2a71eae0e43294de"},"breadcrumb":{"@id":"https:\/\/changementsocialbenin.org\/index.php\/2023\/07\/18\/message-du-sg-de-lonu-a-loccasion-de-la-celebration-de-la-journee-nelson-mandela-2023\/#breadcrumb"},"inLanguage":"fr-FR","potentialAction":[{"@type":"ReadAction","target":["https:\/\/changementsocialbenin.org\/index.php\/2023\/07\/18\/message-du-sg-de-lonu-a-loccasion-de-la-celebration-de-la-journee-nelson-mandela-2023\/"]}]},{"@type":"ImageObject","inLanguage":"fr-FR","@id":"https:\/\/changementsocialbenin.org\/index.php\/2023\/07\/18\/message-du-sg-de-lonu-a-loccasion-de-la-celebration-de-la-journee-nelson-mandela-2023\/#primaryimage","url":"https:\/\/changementsocialbenin.org\/wp-content\/uploads\/2023\/06\/CSB-repris.png","contentUrl":"https:\/\/changementsocialbenin.org\/wp-content\/uploads\/2023\/06\/CSB-repris.png","width":1956,"height":2410},{"@type":"BreadcrumbList","@id":"https:\/\/changementsocialbenin.org\/index.php\/2023\/07\/18\/message-du-sg-de-lonu-a-loccasion-de-la-celebration-de-la-journee-nelson-mandela-2023\/#breadcrumb","itemListElement":[{"@type":"ListItem","position":1,"name":"Accueil","item":"https:\/\/changementsocialbenin.org\/"},{"@type":"ListItem","position":2,"name":"Message du SG de l&rsquo;ONU \u00e0 l&rsquo;occasion de la c\u00e9l\u00e9bration de la Journ\u00e9e Nelson Mandela 2023"}]},{"@type":"WebSite","@id":"https:\/\/changementsocialbenin.org\/#website","url":"https:\/\/changementsocialbenin.org\/","name":"Changement social Benin","description":"","potentialAction":[{"@type":"SearchAction","target":{"@type":"EntryPoint","urlTemplate":"https:\/\/changementsocialbenin.org\/?s={search_term_string}"},"query-input":{"@type":"PropertyValueSpecification","valueRequired":true,"valueName":"search_term_string"}}],"inLanguage":"fr-FR"},{"@type":"Person","@id":"https:\/\/changementsocialbenin.org\/#\/schema\/person\/81469f6c42a3320e2a71eae0e43294de","name":"csbbenin","url":"https:\/\/changementsocialbenin.org\/index.php\/author\/csbbenin\/"}]}},"post_mailing_queue_ids":[],"_links":{"self":[{"href":"https:\/\/changementsocialbenin.org\/index.php\/wp-json\/wp\/v2\/posts\/2848","targetHints":{"allow":["GET"]}}],"collection":[{"href":"https:\/\/changementsocialbenin.org\/index.php\/wp-json\/wp\/v2\/posts"}],"about":[{"href":"https:\/\/changementsocialbenin.org\/index.php\/wp-json\/wp\/v2\/types\/post"}],"author":[{"embeddable":true,"href":"https:\/\/changementsocialbenin.org\/index.php\/wp-json\/wp\/v2\/users\/2"}],"replies":[{"embeddable":true,"href":"https:\/\/changementsocialbenin.org\/index.php\/wp-json\/wp\/v2\/comments?post=2848"}],"version-history":[{"count":1,"href":"https:\/\/changementsocialbenin.org\/index.php\/wp-json\/wp\/v2\/posts\/2848\/revisions"}],"predecessor-version":[{"id":2849,"href":"https:\/\/changementsocialbenin.org\/index.php\/wp-json\/wp\/v2\/posts\/2848\/revisions\/2849"}],"wp:featuredmedia":[{"embeddable":true,"href":"https:\/\/changementsocialbenin.org\/index.php\/wp-json\/wp\/v2\/media\/2837"}],"wp:attachment":[{"href":"https:\/\/changementsocialbenin.org\/index.php\/wp-json\/wp\/v2\/media?parent=2848"}],"wp:term":[{"taxonomy":"category","embeddable":true,"href":"https:\/\/changementsocialbenin.org\/index.php\/wp-json\/wp\/v2\/categories?post=2848"},{"taxonomy":"post_tag","embeddable":true,"href":"https:\/\/changementsocialbenin.org\/index.php\/wp-json\/wp\/v2\/tags?post=2848"}],"curies":[{"name":"wp","href":"https:\/\/api.w.org\/{rel}","templated":true}]}}