{"id":1945,"date":"2019-09-24T18:15:31","date_gmt":"2019-09-24T17:15:31","guid":{"rendered":"https:\/\/changementsocialbn.wordpress.com\/?p=262"},"modified":"2022-11-24T17:39:52","modified_gmt":"2022-11-24T16:39:52","slug":"formation-des-osc-actives-dans-le-secteur-de-la-sante-sur-labdh-et-la-gard","status":"publish","type":"post","link":"https:\/\/changementsocialbenin.org\/index.php\/2019\/09\/24\/formation-des-osc-actives-dans-le-secteur-de-la-sante-sur-labdh-et-la-gard\/","title":{"rendered":"Formation des OSC actives dans le secteur de la Sant\u00e9 sur l&rsquo;ABDH et la GARD"},"content":{"rendered":"\n<figure class=\"wp-block-gallery has-nested-images columns-default is-cropped wp-block-gallery-1 is-layout-flex wp-block-gallery-is-layout-flex\">\n<figure class=\"wp-block-image\"><img decoding=\"async\" data-id=\"263\" src=\"https:\/\/changementsocialbn.files.wordpress.com\/2019\/09\/img-20190924-wa0009.jpg?w=1024\" alt=\"\" class=\"wp-image-263\"\/><\/figure>\n<\/figure>\n\n\n\n<p>La s\u00e9rie de formation des Organisations de la Soci\u00e9t\u00e9 Civile (OSC) b\u00e9ninoises intervenant dans les secteurs sociaux, initi\u00e9e par le Consortium CSB-PASCiB-WANEP dans le cadre du projet \u00a0\u00bb Participation d\u00e9cisionnelle des OSC b\u00e9ninoises aux politiques publiques \u00a0\u00bb financ\u00e9 par l&rsquo;Union Europ\u00e9enne \u00e0 travers son programme Renforcement et Participation de la Soci\u00e9t\u00e9 Civile (RePaSOC),  se poursuit. <\/p>\n\n\n\n<p>Cette fois-ci, ce sont les OSC actives dans le secteur de la Sant\u00e9 qui b\u00e9n\u00e9ficient du renforcement de capacit\u00e9s sur l&rsquo;Approche Bas\u00e9e sur les Droits Humains (ABDH) et la Gestion Ax\u00e9e sur les R\u00e9sultats de D\u00e9veloppement (GARD).<\/p>\n\n\n\n<p>Cette formation est \u00e9tal\u00e9e sur les 23, 24 et 25 septembre 2019.<\/p>\n\n\n\n<p>Les participants seront outill\u00e9s sur les fondamentaux pour un suivi efficace des politiques publiques dans le secteur de la Sant\u00e9 afin de participer \u00e0 un d\u00e9veloppement humain durable au B\u00e9nin.<\/p>\n","protected":false},"excerpt":{"rendered":"<p>La s\u00e9rie de formation des Organisations de la Soci\u00e9t\u00e9 Civile (OSC) b\u00e9ninoises intervenant dans les secteurs sociaux, initi\u00e9e par le Consortium CSB-PASCiB-WANEP dans le cadre du projet \u00a0\u00bb Participation d\u00e9cisionnelle des OSC b\u00e9ninoises aux politiques publiques \u00a0\u00bb financ\u00e9 par l&rsquo;Union Europ\u00e9enne \u00e0 travers son programme Renforcement et Participation de la Soci\u00e9t\u00e9 Civile (RePaSOC), se poursuit. Cette fois-ci, ce sont les OSC actives dans le secteur de la Sant\u00e9 qui b\u00e9n\u00e9ficient du renforcement de capacit\u00e9s sur l&rsquo;Approche Bas\u00e9e sur les Droits Humains (ABDH) et la Gestion Ax\u00e9e sur les R\u00e9sultats de D\u00e9veloppement (GARD). Cette formation est \u00e9tal\u00e9e sur les 23, 24 et 25 septembre 2019. Les participants seront outill\u00e9s sur les fondamentaux pour un suivi efficace des politiques publiques dans le secteur de la Sant\u00e9 afin de participer \u00e0 un d\u00e9veloppement humain durable au B\u00e9nin.<\/p>\n","protected":false},"author":1,"featured_media":2049,"comment_status":"open","ping_status":"open","sticky":false,"template":"","format":"standard","meta":{"footnotes":""},"categories":[35,24],"tags":[],"class_list":["post-1945","post","type-post","status-publish","format-standard","has-post-thumbnail","hentry","category-projet-participation-decisionnelle-des-osc-aux-politiques-publiques","category-redevabilite-basee-sur-les-droits-humains"],"yoast_head":"<!-- This site is optimized with the Yoast SEO Premium plugin v22.8 (Yoast SEO v24.8.1) - https:\/\/yoast.com\/wordpress\/plugins\/seo\/ -->\n<title>Formation des OSC actives dans le secteur de la Sant\u00e9 sur l&#039;ABDH et la GARD - Changement social Benin<\/title>\n<meta name=\"robots\" content=\"index, follow, max-snippet:-1, max-image-preview:large, max-video-preview:-1\" \/>\n<link rel=\"canonical\" href=\"https:\/\/changementsocialbenin.org\/index.php\/2019\/09\/24\/formation-des-osc-actives-dans-le-secteur-de-la-sante-sur-labdh-et-la-gard\/\" \/>\n<meta property=\"og:locale\" content=\"fr_FR\" \/>\n<meta property=\"og:type\" content=\"article\" \/>\n<meta property=\"og:title\" content=\"Formation des OSC actives dans le secteur de la Sant\u00e9 sur l&#039;ABDH et la GARD\" \/>\n<meta property=\"og:description\" content=\"La s\u00e9rie de formation des Organisations de la Soci\u00e9t\u00e9 Civile (OSC) b\u00e9ninoises intervenant dans les secteurs sociaux, initi\u00e9e par le Consortium CSB-PASCiB-WANEP dans le cadre du projet \u00a0\u00bb Participation d\u00e9cisionnelle des OSC b\u00e9ninoises aux politiques publiques \u00a0\u00bb financ\u00e9 par l&rsquo;Union Europ\u00e9enne \u00e0 travers son programme Renforcement et Participation de la Soci\u00e9t\u00e9 Civile (RePaSOC), se poursuit. Cette fois-ci, ce sont les OSC actives dans le secteur de la Sant\u00e9 qui b\u00e9n\u00e9ficient du renforcement de capacit\u00e9s sur l&rsquo;Approche Bas\u00e9e sur les Droits Humains (ABDH) et la Gestion Ax\u00e9e sur les R\u00e9sultats de D\u00e9veloppement (GARD). Cette formation est \u00e9tal\u00e9e sur les 23, 24 et 25 septembre 2019. Les participants seront outill\u00e9s sur les fondamentaux pour un suivi efficace des politiques publiques dans le secteur de la Sant\u00e9 afin de participer \u00e0 un d\u00e9veloppement humain durable au B\u00e9nin.\" \/>\n<meta property=\"og:url\" content=\"https:\/\/changementsocialbenin.org\/index.php\/2019\/09\/24\/formation-des-osc-actives-dans-le-secteur-de-la-sante-sur-labdh-et-la-gard\/\" \/>\n<meta property=\"og:site_name\" content=\"Changement social Benin\" \/>\n<meta property=\"article:published_time\" content=\"2019-09-24T17:15:31+00:00\" \/>\n<meta property=\"article:modified_time\" content=\"2022-11-24T16:39:52+00:00\" \/>\n<meta property=\"og:image\" content=\"https:\/\/changementsocialbenin.org\/wp-content\/uploads\/2019\/09\/Formation-des-OSC-actives-dans-le-secteur-de-la-Sante-sur-lABDH-et-la-GARD.jpg\" \/>\n\t<meta property=\"og:image:width\" content=\"505\" \/>\n\t<meta property=\"og:image:height\" content=\"1080\" \/>\n\t<meta property=\"og:image:type\" content=\"image\/jpeg\" \/>\n<meta name=\"author\" content=\"admin\" \/>\n<meta name=\"twitter:card\" content=\"summary_large_image\" \/>\n<meta name=\"twitter:label1\" content=\"\u00c9crit par\" \/>\n\t<meta name=\"twitter:data1\" content=\"admin\" \/>\n\t<meta name=\"twitter:label2\" content=\"Dur\u00e9e de lecture estim\u00e9e\" \/>\n\t<meta name=\"twitter:data2\" content=\"1 minute\" \/>\n<script type=\"application\/ld+json\" class=\"yoast-schema-graph\">{\"@context\":\"https:\/\/schema.org\",\"@graph\":[{\"@type\":\"WebPage\",\"@id\":\"https:\/\/changementsocialbenin.org\/index.php\/2019\/09\/24\/formation-des-osc-actives-dans-le-secteur-de-la-sante-sur-labdh-et-la-gard\/\",\"url\":\"https:\/\/changementsocialbenin.org\/index.php\/2019\/09\/24\/formation-des-osc-actives-dans-le-secteur-de-la-sante-sur-labdh-et-la-gard\/\",\"name\":\"Formation des OSC actives dans le secteur de la Sant\u00e9 sur l'ABDH et la GARD - Changement social Benin\",\"isPartOf\":{\"@id\":\"https:\/\/changementsocialbenin.org\/#website\"},\"primaryImageOfPage\":{\"@id\":\"https:\/\/changementsocialbenin.org\/index.php\/2019\/09\/24\/formation-des-osc-actives-dans-le-secteur-de-la-sante-sur-labdh-et-la-gard\/#primaryimage\"},\"image\":{\"@id\":\"https:\/\/changementsocialbenin.org\/index.php\/2019\/09\/24\/formation-des-osc-actives-dans-le-secteur-de-la-sante-sur-labdh-et-la-gard\/#primaryimage\"},\"thumbnailUrl\":\"https:\/\/changementsocialbenin.org\/wp-content\/uploads\/2019\/09\/Formation-des-OSC-actives-dans-le-secteur-de-la-Sante-sur-lABDH-et-la-GARD.jpg\",\"datePublished\":\"2019-09-24T17:15:31+00:00\",\"dateModified\":\"2022-11-24T16:39:52+00:00\",\"author\":{\"@id\":\"https:\/\/changementsocialbenin.org\/#\/schema\/person\/77a4a54746e7c6eece2474c96338c6d0\"},\"breadcrumb\":{\"@id\":\"https:\/\/changementsocialbenin.org\/index.php\/2019\/09\/24\/formation-des-osc-actives-dans-le-secteur-de-la-sante-sur-labdh-et-la-gard\/#breadcrumb\"},\"inLanguage\":\"fr-FR\",\"potentialAction\":[{\"@type\":\"ReadAction\",\"target\":[\"https:\/\/changementsocialbenin.org\/index.php\/2019\/09\/24\/formation-des-osc-actives-dans-le-secteur-de-la-sante-sur-labdh-et-la-gard\/\"]}]},{\"@type\":\"ImageObject\",\"inLanguage\":\"fr-FR\",\"@id\":\"https:\/\/changementsocialbenin.org\/index.php\/2019\/09\/24\/formation-des-osc-actives-dans-le-secteur-de-la-sante-sur-labdh-et-la-gard\/#primaryimage\",\"url\":\"https:\/\/changementsocialbenin.org\/wp-content\/uploads\/2019\/09\/Formation-des-OSC-actives-dans-le-secteur-de-la-Sante-sur-lABDH-et-la-GARD.jpg\",\"contentUrl\":\"https:\/\/changementsocialbenin.org\/wp-content\/uploads\/2019\/09\/Formation-des-OSC-actives-dans-le-secteur-de-la-Sante-sur-lABDH-et-la-GARD.jpg\",\"width\":505,\"height\":1080},{\"@type\":\"BreadcrumbList\",\"@id\":\"https:\/\/changementsocialbenin.org\/index.php\/2019\/09\/24\/formation-des-osc-actives-dans-le-secteur-de-la-sante-sur-labdh-et-la-gard\/#breadcrumb\",\"itemListElement\":[{\"@type\":\"ListItem\",\"position\":1,\"name\":\"Accueil\",\"item\":\"https:\/\/changementsocialbenin.org\/\"},{\"@type\":\"ListItem\",\"position\":2,\"name\":\"Formation des OSC actives dans le secteur de la Sant\u00e9 sur l&rsquo;ABDH et la GARD\"}]},{\"@type\":\"WebSite\",\"@id\":\"https:\/\/changementsocialbenin.org\/#website\",\"url\":\"https:\/\/changementsocialbenin.org\/\",\"name\":\"Changement social Benin\",\"description\":\"\",\"potentialAction\":[{\"@type\":\"SearchAction\",\"target\":{\"@type\":\"EntryPoint\",\"urlTemplate\":\"https:\/\/changementsocialbenin.org\/?s={search_term_string}\"},\"query-input\":{\"@type\":\"PropertyValueSpecification\",\"valueRequired\":true,\"valueName\":\"search_term_string\"}}],\"inLanguage\":\"fr-FR\"},{\"@type\":\"Person\",\"@id\":\"https:\/\/changementsocialbenin.org\/#\/schema\/person\/77a4a54746e7c6eece2474c96338c6d0\",\"name\":\"admin\",\"sameAs\":[\"https:\/\/changementsocialbenin.org\"],\"url\":\"https:\/\/changementsocialbenin.org\/index.php\/author\/admin\/\"}]}<\/script>\n<!-- \/ Yoast SEO Premium plugin. -->","yoast_head_json":{"title":"Formation des OSC actives dans le secteur de la Sant\u00e9 sur l'ABDH et la GARD - Changement social Benin","robots":{"index":"index","follow":"follow","max-snippet":"max-snippet:-1","max-image-preview":"max-image-preview:large","max-video-preview":"max-video-preview:-1"},"canonical":"https:\/\/changementsocialbenin.org\/index.php\/2019\/09\/24\/formation-des-osc-actives-dans-le-secteur-de-la-sante-sur-labdh-et-la-gard\/","og_locale":"fr_FR","og_type":"article","og_title":"Formation des OSC actives dans le secteur de la Sant\u00e9 sur l'ABDH et la GARD","og_description":"La s\u00e9rie de formation des Organisations de la Soci\u00e9t\u00e9 Civile (OSC) b\u00e9ninoises intervenant dans les secteurs sociaux, initi\u00e9e par le Consortium CSB-PASCiB-WANEP dans le cadre du projet \u00a0\u00bb Participation d\u00e9cisionnelle des OSC b\u00e9ninoises aux politiques publiques \u00a0\u00bb financ\u00e9 par l&rsquo;Union Europ\u00e9enne \u00e0 travers son programme Renforcement et Participation de la Soci\u00e9t\u00e9 Civile (RePaSOC), se poursuit. Cette fois-ci, ce sont les OSC actives dans le secteur de la Sant\u00e9 qui b\u00e9n\u00e9ficient du renforcement de capacit\u00e9s sur l&rsquo;Approche Bas\u00e9e sur les Droits Humains (ABDH) et la Gestion Ax\u00e9e sur les R\u00e9sultats de D\u00e9veloppement (GARD). Cette formation est \u00e9tal\u00e9e sur les 23, 24 et 25 septembre 2019. Les participants seront outill\u00e9s sur les fondamentaux pour un suivi efficace des politiques publiques dans le secteur de la Sant\u00e9 afin de participer \u00e0 un d\u00e9veloppement humain durable au B\u00e9nin.","og_url":"https:\/\/changementsocialbenin.org\/index.php\/2019\/09\/24\/formation-des-osc-actives-dans-le-secteur-de-la-sante-sur-labdh-et-la-gard\/","og_site_name":"Changement social Benin","article_published_time":"2019-09-24T17:15:31+00:00","article_modified_time":"2022-11-24T16:39:52+00:00","og_image":[{"width":505,"height":1080,"url":"https:\/\/changementsocialbenin.org\/wp-content\/uploads\/2019\/09\/Formation-des-OSC-actives-dans-le-secteur-de-la-Sante-sur-lABDH-et-la-GARD.jpg","type":"image\/jpeg"}],"author":"admin","twitter_card":"summary_large_image","twitter_misc":{"\u00c9crit par":"admin","Dur\u00e9e de lecture estim\u00e9e":"1 minute"},"schema":{"@context":"https:\/\/schema.org","@graph":[{"@type":"WebPage","@id":"https:\/\/changementsocialbenin.org\/index.php\/2019\/09\/24\/formation-des-osc-actives-dans-le-secteur-de-la-sante-sur-labdh-et-la-gard\/","url":"https:\/\/changementsocialbenin.org\/index.php\/2019\/09\/24\/formation-des-osc-actives-dans-le-secteur-de-la-sante-sur-labdh-et-la-gard\/","name":"Formation des OSC actives dans le secteur de la Sant\u00e9 sur l'ABDH et la GARD - Changement social Benin","isPartOf":{"@id":"https:\/\/changementsocialbenin.org\/#website"},"primaryImageOfPage":{"@id":"https:\/\/changementsocialbenin.org\/index.php\/2019\/09\/24\/formation-des-osc-actives-dans-le-secteur-de-la-sante-sur-labdh-et-la-gard\/#primaryimage"},"image":{"@id":"https:\/\/changementsocialbenin.org\/index.php\/2019\/09\/24\/formation-des-osc-actives-dans-le-secteur-de-la-sante-sur-labdh-et-la-gard\/#primaryimage"},"thumbnailUrl":"https:\/\/changementsocialbenin.org\/wp-content\/uploads\/2019\/09\/Formation-des-OSC-actives-dans-le-secteur-de-la-Sante-sur-lABDH-et-la-GARD.jpg","datePublished":"2019-09-24T17:15:31+00:00","dateModified":"2022-11-24T16:39:52+00:00","author":{"@id":"https:\/\/changementsocialbenin.org\/#\/schema\/person\/77a4a54746e7c6eece2474c96338c6d0"},"breadcrumb":{"@id":"https:\/\/changementsocialbenin.org\/index.php\/2019\/09\/24\/formation-des-osc-actives-dans-le-secteur-de-la-sante-sur-labdh-et-la-gard\/#breadcrumb"},"inLanguage":"fr-FR","potentialAction":[{"@type":"ReadAction","target":["https:\/\/changementsocialbenin.org\/index.php\/2019\/09\/24\/formation-des-osc-actives-dans-le-secteur-de-la-sante-sur-labdh-et-la-gard\/"]}]},{"@type":"ImageObject","inLanguage":"fr-FR","@id":"https:\/\/changementsocialbenin.org\/index.php\/2019\/09\/24\/formation-des-osc-actives-dans-le-secteur-de-la-sante-sur-labdh-et-la-gard\/#primaryimage","url":"https:\/\/changementsocialbenin.org\/wp-content\/uploads\/2019\/09\/Formation-des-OSC-actives-dans-le-secteur-de-la-Sante-sur-lABDH-et-la-GARD.jpg","contentUrl":"https:\/\/changementsocialbenin.org\/wp-content\/uploads\/2019\/09\/Formation-des-OSC-actives-dans-le-secteur-de-la-Sante-sur-lABDH-et-la-GARD.jpg","width":505,"height":1080},{"@type":"BreadcrumbList","@id":"https:\/\/changementsocialbenin.org\/index.php\/2019\/09\/24\/formation-des-osc-actives-dans-le-secteur-de-la-sante-sur-labdh-et-la-gard\/#breadcrumb","itemListElement":[{"@type":"ListItem","position":1,"name":"Accueil","item":"https:\/\/changementsocialbenin.org\/"},{"@type":"ListItem","position":2,"name":"Formation des OSC actives dans le secteur de la Sant\u00e9 sur l&rsquo;ABDH et la GARD"}]},{"@type":"WebSite","@id":"https:\/\/changementsocialbenin.org\/#website","url":"https:\/\/changementsocialbenin.org\/","name":"Changement social Benin","description":"","potentialAction":[{"@type":"SearchAction","target":{"@type":"EntryPoint","urlTemplate":"https:\/\/changementsocialbenin.org\/?s={search_term_string}"},"query-input":{"@type":"PropertyValueSpecification","valueRequired":true,"valueName":"search_term_string"}}],"inLanguage":"fr-FR"},{"@type":"Person","@id":"https:\/\/changementsocialbenin.org\/#\/schema\/person\/77a4a54746e7c6eece2474c96338c6d0","name":"admin","sameAs":["https:\/\/changementsocialbenin.org"],"url":"https:\/\/changementsocialbenin.org\/index.php\/author\/admin\/"}]}},"post_mailing_queue_ids":[],"_links":{"self":[{"href":"https:\/\/changementsocialbenin.org\/index.php\/wp-json\/wp\/v2\/posts\/1945","targetHints":{"allow":["GET"]}}],"collection":[{"href":"https:\/\/changementsocialbenin.org\/index.php\/wp-json\/wp\/v2\/posts"}],"about":[{"href":"https:\/\/changementsocialbenin.org\/index.php\/wp-json\/wp\/v2\/types\/post"}],"author":[{"embeddable":true,"href":"https:\/\/changementsocialbenin.org\/index.php\/wp-json\/wp\/v2\/users\/1"}],"replies":[{"embeddable":true,"href":"https:\/\/changementsocialbenin.org\/index.php\/wp-json\/wp\/v2\/comments?post=1945"}],"version-history":[{"count":1,"href":"https:\/\/changementsocialbenin.org\/index.php\/wp-json\/wp\/v2\/posts\/1945\/revisions"}],"predecessor-version":[{"id":2052,"href":"https:\/\/changementsocialbenin.org\/index.php\/wp-json\/wp\/v2\/posts\/1945\/revisions\/2052"}],"wp:featuredmedia":[{"embeddable":true,"href":"https:\/\/changementsocialbenin.org\/index.php\/wp-json\/wp\/v2\/media\/2049"}],"wp:attachment":[{"href":"https:\/\/changementsocialbenin.org\/index.php\/wp-json\/wp\/v2\/media?parent=1945"}],"wp:term":[{"taxonomy":"category","embeddable":true,"href":"https:\/\/changementsocialbenin.org\/index.php\/wp-json\/wp\/v2\/categories?post=1945"},{"taxonomy":"post_tag","embeddable":true,"href":"https:\/\/changementsocialbenin.org\/index.php\/wp-json\/wp\/v2\/tags?post=1945"}],"curies":[{"name":"wp","href":"https:\/\/api.w.org\/{rel}","templated":true}]}}